{"id":370,"date":"2015-05-07T13:18:56","date_gmt":"2015-05-07T11:18:56","guid":{"rendered":"https:\/\/www.enmo.eu\/lorem-ipsum-dolor-sit-2\/"},"modified":"2015-05-11T15:46:05","modified_gmt":"2015-05-11T13:46:05","slug":"euronoise","status":"publish","type":"post","link":"https:\/\/www.enmo.eu\/fr\/euronoise\/","title":{"rendered":"ENMO et Br\u00fcel &#038; Kjaer vous pr\u00e9sentent leurs solutions pendant EuroNoise 2015"},"content":{"rendered":"<p style=\"text-align: justify;\">Du 31 mai au 3 juin prochain, ENMO Sound &amp; Vibration Technology pr\u00e9sentera, en collaboration avec Br\u00fcel &amp; Kjaer, ses solutions pour la mesure du bruit et des vibrations au cours de la 10<sup>\u00e8me<\/sup> \u00e9dition d\u2019Euronoise \u00e0 Maastricht. Ce congr\u00e8s europ\u00e9en offre la possibilit\u00e9 \u00e0 des experts en bruit et en vibration d\u2019assister \u00e0 des pr\u00e9sentations dont le th\u00e8me central, cette ann\u00e9e, s\u2019oriente vers le contr\u00f4le du bruit environnemental et l\u2019am\u00e9lioration de la qualit\u00e9 de la vie de l\u2019\u00eatre humain dans l\u2019environnement. ENMO et Br\u00fcel &amp; Kjaer seront pr\u00e9sents au stand 21. Les inscriptions pour la visite de l\u2019exposition et\/ou pour le congr\u00e8s sont possibles via\u00a0: <a href=\"http:\/\/www.euronoise2015.eu\/\">http:\/\/www.euronoise2015.eu\/<\/a><\/p>\n","protected":false},"excerpt":{"rendered":"<p>Du 31 mai au 3 juin prochain, ENMO Sound &amp; Vibration Technology pr\u00e9sentera, en collaboration avec Br\u00fcel &amp; Kjaer, ses solutions pour la mesure du bruit et des vibrations au cours de la 10\u00e8me \u00e9dition d\u2019Euronoise \u00e0 Maastricht. Ce congr\u00e8s europ\u00e9en offre la possibilit\u00e9 \u00e0 des experts en bruit et en vibration d\u2019assister \u00e0 des [&hellip;]<\/p>\n","protected":false},"author":6,"featured_media":0,"comment_status":"open","ping_status":"open","sticky":false,"template":"","format":"standard","meta":{"_acf_changed":false,"footnotes":""},"categories":[10],"tags":[],"class_list":["post-370","post","type-post","status-publish","format-standard","hentry","category-nouvelles"],"acf":[],"yoast_head":"<!-- This site is optimized with the Yoast SEO plugin v27.5 - https:\/\/yoast.com\/product\/yoast-seo-wordpress\/ -->\n<title>ENMO et Br\u00fcel &amp; Kjaer vous pr\u00e9sentent leurs solutions pendant EuroNoise 2015 - ENMO<\/title>\n<meta name=\"robots\" content=\"index, follow, max-snippet:-1, max-image-preview:large, max-video-preview:-1\" \/>\n<link rel=\"canonical\" href=\"https:\/\/www.enmo.eu\/fr\/euronoise\/\" \/>\n<meta property=\"og:locale\" content=\"fr_FR\" \/>\n<meta property=\"og:type\" content=\"article\" \/>\n<meta property=\"og:title\" content=\"ENMO et Br\u00fcel &amp; Kjaer vous pr\u00e9sentent leurs solutions pendant EuroNoise 2015 - ENMO\" \/>\n<meta property=\"og:description\" content=\"Du 31 mai au 3 juin prochain, ENMO Sound &amp; Vibration Technology pr\u00e9sentera, en collaboration avec Br\u00fcel &amp; Kjaer, ses solutions pour la mesure du bruit et des vibrations au cours de la 10\u00e8me \u00e9dition d\u2019Euronoise \u00e0 Maastricht. Ce congr\u00e8s europ\u00e9en offre la possibilit\u00e9 \u00e0 des experts en bruit et en vibration d\u2019assister \u00e0 des [&hellip;]\" \/>\n<meta property=\"og:url\" content=\"https:\/\/www.enmo.eu\/fr\/euronoise\/\" \/>\n<meta property=\"og:site_name\" content=\"ENMO\" \/>\n<meta property=\"article:published_time\" content=\"2015-05-07T11:18:56+00:00\" \/>\n<meta property=\"article:modified_time\" content=\"2015-05-11T13:46:05+00:00\" \/>\n<meta name=\"author\" content=\"Dirk Bogaerts\" \/>\n<meta name=\"twitter:card\" content=\"summary_large_image\" \/>\n<meta name=\"twitter:label1\" content=\"\u00c9crit par\" \/>\n\t<meta name=\"twitter:data1\" content=\"Dirk Bogaerts\" \/>\n\t<meta name=\"twitter:label2\" content=\"Dur\u00e9e de lecture estim\u00e9e\" \/>\n\t<meta name=\"twitter:data2\" content=\"1 minute\" \/>\n<script type=\"application\/ld+json\" class=\"yoast-schema-graph\">{\"@context\":\"https:\\\/\\\/schema.org\",\"@graph\":[{\"@type\":\"Article\",\"@id\":\"https:\\\/\\\/www.enmo.eu\\\/fr\\\/euronoise\\\/#article\",\"isPartOf\":{\"@id\":\"https:\\\/\\\/www.enmo.eu\\\/fr\\\/euronoise\\\/\"},\"author\":{\"name\":\"Dirk Bogaerts\",\"@id\":\"https:\\\/\\\/www.enmo.eu\\\/fr\\\/#\\\/schema\\\/person\\\/3b2b921dc8467219bdd53c4bd9d82d8d\"},\"headline\":\"ENMO et Br\u00fcel &#038; Kjaer vous pr\u00e9sentent leurs solutions pendant EuroNoise 2015\",\"datePublished\":\"2015-05-07T11:18:56+00:00\",\"dateModified\":\"2015-05-11T13:46:05+00:00\",\"mainEntityOfPage\":{\"@id\":\"https:\\\/\\\/www.enmo.eu\\\/fr\\\/euronoise\\\/\"},\"wordCount\":136,\"commentCount\":0,\"articleSection\":[\"nouvelles\"],\"inLanguage\":\"fr-FR\",\"potentialAction\":[{\"@type\":\"CommentAction\",\"name\":\"Comment\",\"target\":[\"https:\\\/\\\/www.enmo.eu\\\/fr\\\/euronoise\\\/#respond\"]}]},{\"@type\":\"WebPage\",\"@id\":\"https:\\\/\\\/www.enmo.eu\\\/fr\\\/euronoise\\\/\",\"url\":\"https:\\\/\\\/www.enmo.eu\\\/fr\\\/euronoise\\\/\",\"name\":\"ENMO et Br\u00fcel & Kjaer vous pr\u00e9sentent leurs solutions pendant EuroNoise 2015 - ENMO\",\"isPartOf\":{\"@id\":\"https:\\\/\\\/www.enmo.eu\\\/fr\\\/#website\"},\"datePublished\":\"2015-05-07T11:18:56+00:00\",\"dateModified\":\"2015-05-11T13:46:05+00:00\",\"author\":{\"@id\":\"https:\\\/\\\/www.enmo.eu\\\/fr\\\/#\\\/schema\\\/person\\\/3b2b921dc8467219bdd53c4bd9d82d8d\"},\"breadcrumb\":{\"@id\":\"https:\\\/\\\/www.enmo.eu\\\/fr\\\/euronoise\\\/#breadcrumb\"},\"inLanguage\":\"fr-FR\",\"potentialAction\":[{\"@type\":\"ReadAction\",\"target\":[\"https:\\\/\\\/www.enmo.eu\\\/fr\\\/euronoise\\\/\"]}]},{\"@type\":\"BreadcrumbList\",\"@id\":\"https:\\\/\\\/www.enmo.eu\\\/fr\\\/euronoise\\\/#breadcrumb\",\"itemListElement\":[{\"@type\":\"ListItem\",\"position\":1,\"name\":\"Home\",\"item\":\"https:\\\/\\\/www.enmo.eu\\\/fr\\\/\"},{\"@type\":\"ListItem\",\"position\":2,\"name\":\"ENMO et Br\u00fcel &#038; Kjaer vous pr\u00e9sentent leurs solutions pendant EuroNoise 2015\"}]},{\"@type\":\"WebSite\",\"@id\":\"https:\\\/\\\/www.enmo.eu\\\/fr\\\/#website\",\"url\":\"https:\\\/\\\/www.enmo.eu\\\/fr\\\/\",\"name\":\"ENMO\",\"description\":\"Sound &amp; Vibration Technology\",\"potentialAction\":[{\"@type\":\"SearchAction\",\"target\":{\"@type\":\"EntryPoint\",\"urlTemplate\":\"https:\\\/\\\/www.enmo.eu\\\/fr\\\/?s={search_term_string}\"},\"query-input\":{\"@type\":\"PropertyValueSpecification\",\"valueRequired\":true,\"valueName\":\"search_term_string\"}}],\"inLanguage\":\"fr-FR\"},{\"@type\":\"Person\",\"@id\":\"https:\\\/\\\/www.enmo.eu\\\/fr\\\/#\\\/schema\\\/person\\\/3b2b921dc8467219bdd53c4bd9d82d8d\",\"name\":\"Dirk Bogaerts\",\"image\":{\"@type\":\"ImageObject\",\"inLanguage\":\"fr-FR\",\"@id\":\"https:\\\/\\\/secure.gravatar.com\\\/avatar\\\/26f190c41da3fd191114dff36673a18bdca71504a9a93ceea8d3b74530f3b7c7?s=96&d=mm&r=g\",\"url\":\"https:\\\/\\\/secure.gravatar.com\\\/avatar\\\/26f190c41da3fd191114dff36673a18bdca71504a9a93ceea8d3b74530f3b7c7?s=96&d=mm&r=g\",\"contentUrl\":\"https:\\\/\\\/secure.gravatar.com\\\/avatar\\\/26f190c41da3fd191114dff36673a18bdca71504a9a93ceea8d3b74530f3b7c7?s=96&d=mm&r=g\",\"caption\":\"Dirk Bogaerts\"},\"sameAs\":[\"http:\\\/\\\/ENMO\"],\"url\":\"https:\\\/\\\/www.enmo.eu\\\/fr\\\/author\\\/dirk\\\/\"}]}<\/script>\n<!-- \/ Yoast SEO plugin. -->","yoast_head_json":{"title":"ENMO et Br\u00fcel & Kjaer vous pr\u00e9sentent leurs solutions pendant EuroNoise 2015 - ENMO","robots":{"index":"index","follow":"follow","max-snippet":"max-snippet:-1","max-image-preview":"max-image-preview:large","max-video-preview":"max-video-preview:-1"},"canonical":"https:\/\/www.enmo.eu\/fr\/euronoise\/","og_locale":"fr_FR","og_type":"article","og_title":"ENMO et Br\u00fcel & Kjaer vous pr\u00e9sentent leurs solutions pendant EuroNoise 2015 - ENMO","og_description":"Du 31 mai au 3 juin prochain, ENMO Sound &amp; Vibration Technology pr\u00e9sentera, en collaboration avec Br\u00fcel &amp; Kjaer, ses solutions pour la mesure du bruit et des vibrations au cours de la 10\u00e8me \u00e9dition d\u2019Euronoise \u00e0 Maastricht. Ce congr\u00e8s europ\u00e9en offre la possibilit\u00e9 \u00e0 des experts en bruit et en vibration d\u2019assister \u00e0 des [&hellip;]","og_url":"https:\/\/www.enmo.eu\/fr\/euronoise\/","og_site_name":"ENMO","article_published_time":"2015-05-07T11:18:56+00:00","article_modified_time":"2015-05-11T13:46:05+00:00","author":"Dirk Bogaerts","twitter_card":"summary_large_image","twitter_misc":{"\u00c9crit par":"Dirk Bogaerts","Dur\u00e9e de lecture estim\u00e9e":"1 minute"},"schema":{"@context":"https:\/\/schema.org","@graph":[{"@type":"Article","@id":"https:\/\/www.enmo.eu\/fr\/euronoise\/#article","isPartOf":{"@id":"https:\/\/www.enmo.eu\/fr\/euronoise\/"},"author":{"name":"Dirk Bogaerts","@id":"https:\/\/www.enmo.eu\/fr\/#\/schema\/person\/3b2b921dc8467219bdd53c4bd9d82d8d"},"headline":"ENMO et Br\u00fcel &#038; Kjaer vous pr\u00e9sentent leurs solutions pendant EuroNoise 2015","datePublished":"2015-05-07T11:18:56+00:00","dateModified":"2015-05-11T13:46:05+00:00","mainEntityOfPage":{"@id":"https:\/\/www.enmo.eu\/fr\/euronoise\/"},"wordCount":136,"commentCount":0,"articleSection":["nouvelles"],"inLanguage":"fr-FR","potentialAction":[{"@type":"CommentAction","name":"Comment","target":["https:\/\/www.enmo.eu\/fr\/euronoise\/#respond"]}]},{"@type":"WebPage","@id":"https:\/\/www.enmo.eu\/fr\/euronoise\/","url":"https:\/\/www.enmo.eu\/fr\/euronoise\/","name":"ENMO et Br\u00fcel & Kjaer vous pr\u00e9sentent leurs solutions pendant EuroNoise 2015 - ENMO","isPartOf":{"@id":"https:\/\/www.enmo.eu\/fr\/#website"},"datePublished":"2015-05-07T11:18:56+00:00","dateModified":"2015-05-11T13:46:05+00:00","author":{"@id":"https:\/\/www.enmo.eu\/fr\/#\/schema\/person\/3b2b921dc8467219bdd53c4bd9d82d8d"},"breadcrumb":{"@id":"https:\/\/www.enmo.eu\/fr\/euronoise\/#breadcrumb"},"inLanguage":"fr-FR","potentialAction":[{"@type":"ReadAction","target":["https:\/\/www.enmo.eu\/fr\/euronoise\/"]}]},{"@type":"BreadcrumbList","@id":"https:\/\/www.enmo.eu\/fr\/euronoise\/#breadcrumb","itemListElement":[{"@type":"ListItem","position":1,"name":"Home","item":"https:\/\/www.enmo.eu\/fr\/"},{"@type":"ListItem","position":2,"name":"ENMO et Br\u00fcel &#038; Kjaer vous pr\u00e9sentent leurs solutions pendant EuroNoise 2015"}]},{"@type":"WebSite","@id":"https:\/\/www.enmo.eu\/fr\/#website","url":"https:\/\/www.enmo.eu\/fr\/","name":"ENMO","description":"Sound &amp; Vibration Technology","potentialAction":[{"@type":"SearchAction","target":{"@type":"EntryPoint","urlTemplate":"https:\/\/www.enmo.eu\/fr\/?s={search_term_string}"},"query-input":{"@type":"PropertyValueSpecification","valueRequired":true,"valueName":"search_term_string"}}],"inLanguage":"fr-FR"},{"@type":"Person","@id":"https:\/\/www.enmo.eu\/fr\/#\/schema\/person\/3b2b921dc8467219bdd53c4bd9d82d8d","name":"Dirk Bogaerts","image":{"@type":"ImageObject","inLanguage":"fr-FR","@id":"https:\/\/secure.gravatar.com\/avatar\/26f190c41da3fd191114dff36673a18bdca71504a9a93ceea8d3b74530f3b7c7?s=96&d=mm&r=g","url":"https:\/\/secure.gravatar.com\/avatar\/26f190c41da3fd191114dff36673a18bdca71504a9a93ceea8d3b74530f3b7c7?s=96&d=mm&r=g","contentUrl":"https:\/\/secure.gravatar.com\/avatar\/26f190c41da3fd191114dff36673a18bdca71504a9a93ceea8d3b74530f3b7c7?s=96&d=mm&r=g","caption":"Dirk Bogaerts"},"sameAs":["http:\/\/ENMO"],"url":"https:\/\/www.enmo.eu\/fr\/author\/dirk\/"}]}},"_links":{"self":[{"href":"https:\/\/www.enmo.eu\/fr\/wp-json\/wp\/v2\/posts\/370","targetHints":{"allow":["GET"]}}],"collection":[{"href":"https:\/\/www.enmo.eu\/fr\/wp-json\/wp\/v2\/posts"}],"about":[{"href":"https:\/\/www.enmo.eu\/fr\/wp-json\/wp\/v2\/types\/post"}],"author":[{"embeddable":true,"href":"https:\/\/www.enmo.eu\/fr\/wp-json\/wp\/v2\/users\/6"}],"replies":[{"embeddable":true,"href":"https:\/\/www.enmo.eu\/fr\/wp-json\/wp\/v2\/comments?post=370"}],"version-history":[{"count":3,"href":"https:\/\/www.enmo.eu\/fr\/wp-json\/wp\/v2\/posts\/370\/revisions"}],"predecessor-version":[{"id":1139,"href":"https:\/\/www.enmo.eu\/fr\/wp-json\/wp\/v2\/posts\/370\/revisions\/1139"}],"wp:attachment":[{"href":"https:\/\/www.enmo.eu\/fr\/wp-json\/wp\/v2\/media?parent=370"}],"wp:term":[{"taxonomy":"category","embeddable":true,"href":"https:\/\/www.enmo.eu\/fr\/wp-json\/wp\/v2\/categories?post=370"},{"taxonomy":"post_tag","embeddable":true,"href":"https:\/\/www.enmo.eu\/fr\/wp-json\/wp\/v2\/tags?post=370"}],"curies":[{"name":"wp","href":"https:\/\/api.w.org\/{rel}","templated":true}]}}